{"id":223,"date":"2022-09-07T12:58:35","date_gmt":"2022-09-07T09:58:35","guid":{"rendered":"https:\/\/blog.rogoblen.ro\/?p=223"},"modified":"2022-09-23T14:36:43","modified_gmt":"2022-09-23T11:36:43","slug":"memoria-colectiva","status":"publish","type":"post","link":"https:\/\/blog.rogoblen.ro\/index.php\/2022\/09\/07\/memoria-colectiva\/","title":{"rendered":"Memoria colectiva (6)"},"content":{"rendered":"<div id=\"attachment_226\" style=\"width: 231px\" class=\"wp-caption alignleft\"><img loading=\"lazy\" decoding=\"async\" aria-describedby=\"caption-attachment-226\" class=\"size-medium wp-image-226\" src=\"https:\/\/blog.rogoblen.ro\/wp-content\/uploads\/2022\/09\/ac48c74e-79c9-4c7b-94d9-3c19b839b8c4-221x300.jpg\" alt=\"Sorbind din seva inspiratiei\" width=\"221\" height=\"300\" srcset=\"https:\/\/blog.rogoblen.ro\/wp-content\/uploads\/2022\/09\/ac48c74e-79c9-4c7b-94d9-3c19b839b8c4-221x300.jpg 221w, https:\/\/blog.rogoblen.ro\/wp-content\/uploads\/2022\/09\/ac48c74e-79c9-4c7b-94d9-3c19b839b8c4.jpg 736w\" sizes=\"auto, (max-width: 221px) 100vw, 221px\" \/><p id=\"caption-attachment-226\" class=\"wp-caption-text\">Sorbind din seva inspiratiei<\/p><\/div>\n<p>Imediat dup\u0103 ce am \u00eenceput v\u00e2nz\u0103rile de modele de goblen, am instituit \u0219i o memorie colectiv\u0103, notat\u0103 \u00een dreptul fiec\u0103rui model. A\u0219a am aflat c\u0103 majoritatea persoanelor ce locuiesc la bloc refuz\u0103 s\u0103 lucreze modele de goblen ce sunt \u00eenchise la culoare (pe nuan\u021be p\u0103m\u00e2ntii, maronii, gri-negru sau verde \u00eenchis). Refuzau s\u0103 \u00ee\u0219i aduc\u0103 teme sf\u00e2\u0219ietoare (de exemplu, copii pl\u00e2ng\u00e2nd) \u00een cas\u0103. \u00cenc\u0103 nu circulau teoriile referitoare la energiile casei sau regulile Feng Shui, dar rom\u00e2ncele preferau temele vesele, pline de culoare. Culoarea, \u00een apartamentele mici, aducea puncte de reper, de c\u0103ldur\u0103 \u0219i de lumin\u0103.<br \/>\nAcesta este motivul pentru care la multe goblenuri am ref\u0103cut sau numai ajustat tema pentru a fi pe gustul pie\u021bei. Aceasta conduit\u0103 ne-a permis ca ulterior s\u0103 ne educam clien\u021bii, oferindu-le tablouri lucrate \u00een tonuri subtile, grada\u021bii elaborate \u0219i teme versatile. La acel moment, clientele noastre erau deja lucr\u0103toare pricepute, predispuse la provoc\u0103ri. Sim\u021beau nevoia s\u0103 se autodep\u0103\u0219easc\u0103, a\u0219a ca noile modele reprezentau aerul ce trebuia inspirat pentru a bucura sufletul femeii avide de frumos.<br \/>\nC\u00e2nd am avut ca surse de inspira\u021bie lucr\u0103ri ale pictorilor, nu am procedat la imitarea acestora deoarece exista un risc sporit ca prin \u00eenc\u0103lcarea grani\u021belor de expresie s\u0103 se produc\u0103 kitsch (subcultur\u0103 de mas\u0103) \u00een locul artei. \u00cen astfel de situa\u021bii am recurs numai la<br \/>\nmijloacele de expresie ale tapiseriei, abord\u00e2nd o maniera decorativ\u0103, chiar de stilizare,<br \/>\ncu varia\u021bii cromatice.<\/p>\n<p>Este adev\u0103rat c\u0103 am \u00eenchis drumuri pentru cel ce \u00ee\u0219i dorea s\u0103 lucreze \u00een tonurile originale un anume tablou, dar at\u00e2ta timp c\u00e2t pictura \u0219i goblenul sunt dou\u0103 categorii distincte, abordarea a fost doar \u00een favoarea tapiseriei. Istoria evolu\u021biei firmei noastre, istorie de peste 30 de ani ne-a demonstrat c\u0103 nu am gre\u0219it.<\/p>\n<p>&nbsp;<\/p>\n","protected":false},"excerpt":{"rendered":"<p>Imediat dup\u0103 ce am \u00eenceput v\u00e2nz\u0103rile de modele de goblen, am instituit \u0219i o memorie colectiv\u0103, notat\u0103 \u00een dreptul fiec\u0103rui model. A\u0219a am aflat c\u0103 majoritatea persoanelor ce locuiesc la bloc refuz\u0103 s\u0103 lucreze modele de goblen ce sunt \u00eenchise &hellip; <a href=\"https:\/\/blog.rogoblen.ro\/index.php\/2022\/09\/07\/memoria-colectiva\/\">Continu\u0103 s\u0103 cite\u0219ti <span class=\"meta-nav\">&rarr;<\/span><\/a><\/p>\n","protected":false},"author":1,"featured_media":0,"comment_status":"open","ping_status":"open","sticky":false,"template":"","format":"standard","meta":{"footnotes":""},"categories":[11,4,5],"tags":[77,3,78,76,80,79],"class_list":["post-223","post","type-post","status-publish","format-standard","hentry","category-amintiri","category-goblen","category-lucru-de-mana","tag-colectiva","tag-goblen","tag-inspiratie","tag-memorie","tag-pictura","tag-tapiserie"],"_links":{"self":[{"href":"https:\/\/blog.rogoblen.ro\/index.php\/wp-json\/wp\/v2\/posts\/223","targetHints":{"allow":["GET"]}}],"collection":[{"href":"https:\/\/blog.rogoblen.ro\/index.php\/wp-json\/wp\/v2\/posts"}],"about":[{"href":"https:\/\/blog.rogoblen.ro\/index.php\/wp-json\/wp\/v2\/types\/post"}],"author":[{"embeddable":true,"href":"https:\/\/blog.rogoblen.ro\/index.php\/wp-json\/wp\/v2\/users\/1"}],"replies":[{"embeddable":true,"href":"https:\/\/blog.rogoblen.ro\/index.php\/wp-json\/wp\/v2\/comments?post=223"}],"version-history":[{"count":3,"href":"https:\/\/blog.rogoblen.ro\/index.php\/wp-json\/wp\/v2\/posts\/223\/revisions"}],"predecessor-version":[{"id":399,"href":"https:\/\/blog.rogoblen.ro\/index.php\/wp-json\/wp\/v2\/posts\/223\/revisions\/399"}],"wp:attachment":[{"href":"https:\/\/blog.rogoblen.ro\/index.php\/wp-json\/wp\/v2\/media?parent=223"}],"wp:term":[{"taxonomy":"category","embeddable":true,"href":"https:\/\/blog.rogoblen.ro\/index.php\/wp-json\/wp\/v2\/categories?post=223"},{"taxonomy":"post_tag","embeddable":true,"href":"https:\/\/blog.rogoblen.ro\/index.php\/wp-json\/wp\/v2\/tags?post=223"}],"curies":[{"name":"wp","href":"https:\/\/api.w.org\/{rel}","templated":true}]}}