{"id":2500,"date":"2024-03-19T10:58:47","date_gmt":"2024-03-19T08:58:47","guid":{"rendered":"https:\/\/blog.rogoblen.ro\/?p=2500"},"modified":"2024-03-19T20:20:37","modified_gmt":"2024-03-19T18:20:37","slug":"padre-pio-cod-produs-3-33","status":"publish","type":"post","link":"https:\/\/blog.rogoblen.ro\/index.php\/2024\/03\/19\/padre-pio-cod-produs-3-33\/","title":{"rendered":"Padre Pio &#8211; Cod produs: 3.33"},"content":{"rendered":"<div id=\"attachment_2501\" style=\"width: 396px\" class=\"wp-caption aligncenter\"><a href=\"https:\/\/www.rogoblen.ro\/detalii\/padre-pio--211\/\"><img loading=\"lazy\" decoding=\"async\" aria-describedby=\"caption-attachment-2501\" class=\" wp-image-2501\" src=\"https:\/\/blog.rogoblen.ro\/wp-content\/uploads\/2024\/03\/3_33-1-901x1024.jpg\" alt=\"Padre Pio - Cod produs: 3.33\" width=\"386\" height=\"439\" srcset=\"https:\/\/blog.rogoblen.ro\/wp-content\/uploads\/2024\/03\/3_33-1-901x1024.jpg 901w, https:\/\/blog.rogoblen.ro\/wp-content\/uploads\/2024\/03\/3_33-1-264x300.jpg 264w, https:\/\/blog.rogoblen.ro\/wp-content\/uploads\/2024\/03\/3_33-1-768x873.jpg 768w, https:\/\/blog.rogoblen.ro\/wp-content\/uploads\/2024\/03\/3_33-1-1351x1536.jpg 1351w, https:\/\/blog.rogoblen.ro\/wp-content\/uploads\/2024\/03\/3_33-1-1801x2048.jpg 1801w, https:\/\/blog.rogoblen.ro\/wp-content\/uploads\/2024\/03\/3_33-1.jpg 1875w\" sizes=\"auto, (max-width: 386px) 100vw, 386px\" \/><\/a><p id=\"caption-attachment-2501\" class=\"wp-caption-text\">Padre Pio &#8211; Cod produs: 3.33<\/p><\/div>\n<div class=\"flex-1 overflow-hidden\">\n<div class=\"react-scroll-to-bottom--css-lskrm-79elbk h-full\">\n<div class=\"react-scroll-to-bottom--css-lskrm-1n7m0yu\">\n<div class=\"flex flex-col text-sm pb-9\">\n<div class=\"w-full text-token-text-primary\" data-testid=\"conversation-turn-3\">\n<div class=\"px-4 py-2 justify-center text-base md:gap-6 m-auto\">\n<div class=\"flex flex-1 text-base mx-auto gap-3 md:px-5 lg:px-1 xl:px-5 md:max-w-3xl lg:max-w-[40rem] xl:max-w-[48rem] group final-completion\">\n<div class=\"relative flex w-full flex-col agent-turn\">\n<div class=\"flex-col gap-1 md:gap-3\">\n<div class=\"flex flex-grow flex-col max-w-full\">\n<div class=\"min-h-[20px] text-message flex flex-col items-start gap-3 whitespace-pre-wrap break-words [.text-message+&amp;]:mt-5 overflow-x-auto\" data-message-author-role=\"assistant\" data-message-id=\"bddab22c-eae2-43e6-aef1-0d8eee5a8258\">\n<div class=\"markdown prose w-full break-words dark:prose-invert light\">\n<p>Padre Pio, n\u0103scut Francesco Forgione \u00een 1887 \u0219i decedat \u00een 1968, a fost un c\u0103lug\u0103r capucin italian \u0219i unul dintre cei mai cunoscu\u021bi \u0219i venera\u021bi sfin\u021bi romano-catolici ai secolului al XX-lea. El este adesea amintit pentru stigmatele sale, care sunt considerate a fi semne ale r\u0103nilor lui Isus Cristos, \u00een special r\u0103nile de pe m\u00e2ini, picioare \u0219i coast\u0103.<br \/>\n\u00cen timpul vie\u021bii sale, Padre Pio a fost celebru pentru darurile sale spirituale, inclusiv rug\u0103ciunea \u0219i vindecarea. El a petrecut cea mai mare parte a vie\u021bii sale \u00eentr-un mic sat din sudul Italiei numit San Giovanni Rotondo, unde a fondat un spital \u0219i un centru de \u00eengrijire pentru cei s\u0103raci.<br \/>\nPadre Pio a fost canonizat de c\u0103tre Biserica Catolic\u0103 \u00een 2002 de c\u0103tre Papa Ioan Paul al II-lea, iar s\u0103rb\u0103toarea lui este celebrat\u0103 pe 23 septembrie. El este adesea venerat ca un model de sfin\u021benie \u0219i devotament religios pentru milioane de credincio\u0219i din \u00eentreaga lume.<br \/>\nGoblenul \u00eel prezint\u0103 pe Padre Pio, cu p\u0103rul \u0219i barba alb\u0103, \u00eembr\u0103cat \u00een rasa de c\u0103lug\u0103r.<br \/>\nComplexitate mic\u0103.<\/p>\n<\/div>\n<\/div>\n<\/div>\n<\/div>\n<\/div>\n<\/div>\n<\/div>\n<\/div>\n<\/div>\n<\/div>\n<\/div>\n<\/div>\n","protected":false},"excerpt":{"rendered":"<p>Padre Pio, n\u0103scut Francesco Forgione \u00een 1887 \u0219i decedat \u00een 1968, a fost un c\u0103lug\u0103r capucin italian \u0219i unul dintre cei mai cunoscu\u021bi \u0219i venera\u021bi sfin\u021bi romano-catolici ai secolului al XX-lea. El este adesea amintit pentru stigmatele sale, care sunt &hellip; <a href=\"https:\/\/blog.rogoblen.ro\/index.php\/2024\/03\/19\/padre-pio-cod-produs-3-33\/\">Continu\u0103 s\u0103 cite\u0219ti <span class=\"meta-nav\">&rarr;<\/span><\/a><\/p>\n","protected":false},"author":1,"featured_media":0,"comment_status":"open","ping_status":"open","sticky":false,"template":"","format":"standard","meta":{"footnotes":""},"categories":[4,5],"tags":[128,1317,1320,1321,3,1319,39,1322,1318],"class_list":["post-2500","post","type-post","status-publish","format-standard","hentry","category-goblen","category-lucru-de-mana","tag-biserica","tag-calugar-capucin","tag-canonizat","tag-catolica","tag-goblen","tag-papa-ioan-paul-al-ii-lea","tag-rogoblen","tag-sfant","tag-stigmate"],"_links":{"self":[{"href":"https:\/\/blog.rogoblen.ro\/index.php\/wp-json\/wp\/v2\/posts\/2500","targetHints":{"allow":["GET"]}}],"collection":[{"href":"https:\/\/blog.rogoblen.ro\/index.php\/wp-json\/wp\/v2\/posts"}],"about":[{"href":"https:\/\/blog.rogoblen.ro\/index.php\/wp-json\/wp\/v2\/types\/post"}],"author":[{"embeddable":true,"href":"https:\/\/blog.rogoblen.ro\/index.php\/wp-json\/wp\/v2\/users\/1"}],"replies":[{"embeddable":true,"href":"https:\/\/blog.rogoblen.ro\/index.php\/wp-json\/wp\/v2\/comments?post=2500"}],"version-history":[{"count":4,"href":"https:\/\/blog.rogoblen.ro\/index.php\/wp-json\/wp\/v2\/posts\/2500\/revisions"}],"predecessor-version":[{"id":2505,"href":"https:\/\/blog.rogoblen.ro\/index.php\/wp-json\/wp\/v2\/posts\/2500\/revisions\/2505"}],"wp:attachment":[{"href":"https:\/\/blog.rogoblen.ro\/index.php\/wp-json\/wp\/v2\/media?parent=2500"}],"wp:term":[{"taxonomy":"category","embeddable":true,"href":"https:\/\/blog.rogoblen.ro\/index.php\/wp-json\/wp\/v2\/categories?post=2500"},{"taxonomy":"post_tag","embeddable":true,"href":"https:\/\/blog.rogoblen.ro\/index.php\/wp-json\/wp\/v2\/tags?post=2500"}],"curies":[{"name":"wp","href":"https:\/\/api.w.org\/{rel}","templated":true}]}}