{"id":3566,"date":"2024-10-17T11:12:05","date_gmt":"2024-10-17T08:12:05","guid":{"rendered":"https:\/\/blog.rogoblen.ro\/?p=3566"},"modified":"2025-02-25T13:08:05","modified_gmt":"2025-02-25T11:08:05","slug":"muzeul-ivan-patzaichin-de-la-mila-23","status":"publish","type":"post","link":"https:\/\/blog.rogoblen.ro\/index.php\/2024\/10\/17\/muzeul-ivan-patzaichin-de-la-mila-23\/","title":{"rendered":"Muzeul Ivan Patzaichin de la Mila 23"},"content":{"rendered":"<div id=\"attachment_3567\" style=\"width: 477px\" class=\"wp-caption aligncenter\"><img loading=\"lazy\" decoding=\"async\" aria-describedby=\"caption-attachment-3567\" class=\" wp-image-3567\" src=\"https:\/\/blog.rogoblen.ro\/wp-content\/uploads\/2024\/10\/457503652_3650399215271640_5624688966931601296_n.jpg\" alt=\"Muzeul Ivan Patzaichin din Mila 23\" width=\"467\" height=\"350\" srcset=\"https:\/\/blog.rogoblen.ro\/wp-content\/uploads\/2024\/10\/457503652_3650399215271640_5624688966931601296_n.jpg 1024w, https:\/\/blog.rogoblen.ro\/wp-content\/uploads\/2024\/10\/457503652_3650399215271640_5624688966931601296_n-300x225.jpg 300w, https:\/\/blog.rogoblen.ro\/wp-content\/uploads\/2024\/10\/457503652_3650399215271640_5624688966931601296_n-768x576.jpg 768w\" sizes=\"auto, (max-width: 467px) 100vw, 467px\" \/><p id=\"caption-attachment-3567\" class=\"wp-caption-text\">Muzeul Ivan Patzaichin de la Mila 23<\/p><\/div>\n<p>Cum oboseala \u0219i lipsa medica\u021biei si-a spus cuv\u00e2ntul, am r\u0103mas sa ma refac cu un pui de somn la pensiune. Dar prietenii au mers si au fost tare incanta\u021bi. Asa ca eu am mers virtual \u0219i \u00eemp\u0103rt\u0103\u0219esc cu voi ceea ce am citit pe <a href=\"https:\/\/www.info-delta.ro\/muzeul-ivan-patzaichin-din-mila-23-delta-dunarii\/\">https:\/\/www.info-delta.ro\/muzeul-ivan-patzaichin-din-mila-23-delta-dunarii\/.<\/a><br \/>\nTot pe acest link ve\u021bi g\u0103si multe fotografii.<\/p>\n<p><strong>Muzeul Ivan Patzaichin<\/strong>\u00a0\u2013 Centru de Inovare Comunitar\u0103, construit pe locul casei p\u0103rin\u021bilor lui Ivan Patzaichin din\u00a0satul Mila 23, omagiaz\u0103 realiz\u0103rile excep\u021bionale ale marelui campion \u0219i ofer\u0103 un spa\u021biu dedicat preocup\u0103rilor sale pentru Delta Dun\u0103rii. Acesta promoveaz\u0103 cultura \u0219i tradi\u021biile lipovenilor din Mila 23 \u0219i eviden\u021biaz\u0103 biodiversitatea delicat\u0103 a Deltei Dun\u0103rii.<\/p>\n<p>Muzeul este alc\u0103tuit din patru pavilioane distincte, fiecare av\u00e2nd func\u021bii bine definite: observator-muzeu, centru de inovare comunitar\u0103, zon\u0103 administrativ\u0103 \u0219i reziden\u021be.<\/p>\n<p>Un element central al ansamblului Muzeului Ivan Patzaichin \u2013 Centru de Inovare Comunitar\u0103 este turnul-observator al Muzeului. Av\u00e2nd o \u00een\u0103l\u021bime de 18 metri \u0219i construit din materiale naturale, observatorul \u00eendepline\u0219te o dubl\u0103 func\u021bie: de spa\u021biu memorial, care consemneaz\u0103 \u0219i reflect\u0103 momentele importante din via\u021ba \u0219i cariera lui Ivan Patzaichin, \u0219i de punct de observa\u021bie pentru natura deltaic\u0103 din \u00eemprejurimile Milei 23.<\/p>\n<h3>Cum se ajunge la muzeu<br \/>\nAccesul \u00een satul Mila 23 se face doar pe cale navigabil\u0103.<\/h3>\n<h3><span id=\"Conditii_de_vizitare_a_muzeului\" class=\"ez-toc-section\"><\/span>Condi\u021bii de vizitare a muzeului<br \/>\n\u00cencep\u00e2nd cu 24 mai 2024, Muzeul Ivan Patzaichin \u2013 Centru de Inovare Comunitar\u0103 din Mila 23 este deschis de miercuri p\u00e2n\u0103 duminic\u0103, \u00eentre orele 11:00 \u0219i 18:00.<\/h3>\n<p>Intrarea \u00een muzeu este gratuit\u0103, \u00eens\u0103, deoarece activitatea muzeului este finan\u021bat\u0103 din surse proprii, dona\u021biile dumneavoastr\u0103 ne ajut\u0103 s\u0103 p\u0103str\u0103m patrimoniul lui Ivan.<\/p>\n<p>Vizitarea muzeului se face exclusiv pe baz\u0103 de programare orar\u0103, disponibil\u0103 online prin aplica\u021bia Delta lui Ivan. Aplica\u021bia poate fi desc\u0103rcat\u0103 din Apple Store \u0219i Play Store.<br \/>\nGrupul nostru a vizitat muzeul f\u0103r\u0103 programare prealabil\u0103.<\/p>\n","protected":false},"excerpt":{"rendered":"<p>Cum oboseala \u0219i lipsa medica\u021biei si-a spus cuv\u00e2ntul, am r\u0103mas sa ma refac cu un pui de somn la pensiune. Dar prietenii au mers si au fost tare incanta\u021bi. Asa ca eu am mers virtual \u0219i \u00eemp\u0103rt\u0103\u0219esc cu voi ceea &hellip; <a href=\"https:\/\/blog.rogoblen.ro\/index.php\/2024\/10\/17\/muzeul-ivan-patzaichin-de-la-mila-23\/\">Continu\u0103 s\u0103 cite\u0219ti <span class=\"meta-nav\">&rarr;<\/span><\/a><\/p>\n","protected":false},"author":1,"featured_media":0,"comment_status":"open","ping_status":"open","sticky":false,"template":"","format":"standard","meta":{"footnotes":""},"categories":[1],"tags":[],"class_list":["post-3566","post","type-post","status-publish","format-standard","hentry","category-uncategorized"],"_links":{"self":[{"href":"https:\/\/blog.rogoblen.ro\/index.php\/wp-json\/wp\/v2\/posts\/3566","targetHints":{"allow":["GET"]}}],"collection":[{"href":"https:\/\/blog.rogoblen.ro\/index.php\/wp-json\/wp\/v2\/posts"}],"about":[{"href":"https:\/\/blog.rogoblen.ro\/index.php\/wp-json\/wp\/v2\/types\/post"}],"author":[{"embeddable":true,"href":"https:\/\/blog.rogoblen.ro\/index.php\/wp-json\/wp\/v2\/users\/1"}],"replies":[{"embeddable":true,"href":"https:\/\/blog.rogoblen.ro\/index.php\/wp-json\/wp\/v2\/comments?post=3566"}],"version-history":[{"count":5,"href":"https:\/\/blog.rogoblen.ro\/index.php\/wp-json\/wp\/v2\/posts\/3566\/revisions"}],"predecessor-version":[{"id":3572,"href":"https:\/\/blog.rogoblen.ro\/index.php\/wp-json\/wp\/v2\/posts\/3566\/revisions\/3572"}],"wp:attachment":[{"href":"https:\/\/blog.rogoblen.ro\/index.php\/wp-json\/wp\/v2\/media?parent=3566"}],"wp:term":[{"taxonomy":"category","embeddable":true,"href":"https:\/\/blog.rogoblen.ro\/index.php\/wp-json\/wp\/v2\/categories?post=3566"},{"taxonomy":"post_tag","embeddable":true,"href":"https:\/\/blog.rogoblen.ro\/index.php\/wp-json\/wp\/v2\/tags?post=3566"}],"curies":[{"name":"wp","href":"https:\/\/api.w.org\/{rel}","templated":true}]}}